{"id":6,"count":0,"description":"Bilder Bilder Bilder\r\n\r\n[caption id=\"attachment_23\" align=\"alignnone\" width=\"300\"]<img class=\"size-medium wp-image-23\" src=\"https:\/\/photo-text.de\/wp-content\/uploads\/2023\/05\/StachelDrahtEis-300x200.jpg\" alt=\"\" width=\"300\" height=\"200\" \/> Hans K\u00f6nig, Photographie &amp; Text, freizeitguide aktiv, Camp Roadshow, Womo-Kaufberatung, Coach f\u00fcr Fotografie[\/caption]\r\n\r\n[caption id=\"attachment_24\" align=\"alignnone\" width=\"300\"]<img class=\"size-medium wp-image-24\" src=\"https:\/\/photo-text.de\/wp-content\/uploads\/2023\/05\/Feuerreiter-scaled-1-300x200.jpg\" alt=\"\" width=\"300\" height=\"200\" \/> Hans K\u00f6nig, Photographie &amp; Text, freizeitguide aktiv, Camp Roadshow, Womo-Kaufberatung, Coach f\u00fcr Fotografie[\/caption]\r\n\r\n[caption id=\"attachment_25\" align=\"alignnone\" width=\"300\"]<img class=\"size-medium wp-image-25\" src=\"https:\/\/photo-text.de\/wp-content\/uploads\/2023\/05\/Winter-Hafen-Greetsiel-300x200.jpg\" alt=\"\" width=\"300\" height=\"200\" \/> Hans K\u00f6nig, Photographie &amp; Text, freizeitguide aktiv, Camp Roadshow, Womo-Kaufberatung, Coach f\u00fcr Fotografie[\/caption]\r\n\r\n[caption id=\"attachment_18\" align=\"alignnone\" width=\"300\"]<img class=\"size-medium wp-image-18\" src=\"https:\/\/photo-text.de\/wp-content\/uploads\/2023\/05\/Schwan-am-Deich_Campen-300x200.jpg\" alt=\"\" width=\"300\" height=\"200\" \/> Hans K\u00f6nig, Photographie &amp; Text, freizeitguide aktiv, Camp Roadshow, Womo-Kaufberatung, Coach f\u00fcr Fotografie[\/caption]","link":"https:\/\/photo-text.de\/?cat=6","name":"PHOTO","slug":"photo","taxonomy":"category","parent":0,"meta":[],"yoast_head":"<!-- This site is optimized with the Yoast SEO plugin v24.5 - https:\/\/yoast.com\/wordpress\/plugins\/seo\/ -->\n<title>PHOTO Archive - Photographie + Text - Hans K\u00f6nig<\/title>\n<meta name=\"robots\" content=\"index, follow, max-snippet:-1, max-image-preview:large, max-video-preview:-1\" \/>\n<link rel=\"canonical\" href=\"https:\/\/photo-text.de\/?cat=6\" \/>\n<meta property=\"og:locale\" content=\"de_DE\" \/>\n<meta property=\"og:type\" content=\"article\" \/>\n<meta property=\"og:title\" content=\"PHOTO Archive - Photographie + Text - Hans K\u00f6nig\" \/>\n<meta property=\"og:description\" content=\"Bilder Bilder Bilder Hans K\u00f6nig, Photographie &amp; Text, freizeitguide aktiv, Camp Roadshow, Womo-Kaufberatung, Coach f\u00fcr Fotografie Hans K\u00f6nig, Photographie &amp; Text, freizeitguide aktiv, Camp Roadshow, Womo-Kaufberatung, Coach f\u00fcr Fotografie Hans K\u00f6nig, Photographie &amp; Text, freizeitguide aktiv, Camp Roadshow, Womo-Kaufberatung, Coach f\u00fcr Fotografie Hans K\u00f6nig, Photographie &amp; Text, freizeitguide aktiv, Camp Roadshow, Womo-Kaufberatung, Coach f\u00fcr Fotografie\" \/>\n<meta property=\"og:url\" content=\"https:\/\/photo-text.de\/?cat=6\" \/>\n<meta property=\"og:site_name\" content=\"Photographie + Text - Hans K\u00f6nig\" \/>\n<meta property=\"og:image\" content=\"https:\/\/photo-text.de\/wp-content\/uploads\/2023\/05\/StachelDrahtEis-300x200.jpg\" \/>\n<meta name=\"twitter:card\" content=\"summary_large_image\" \/>\n<script type=\"application\/ld+json\" class=\"yoast-schema-graph\">{\"@context\":\"https:\/\/schema.org\",\"@graph\":[{\"@type\":\"CollectionPage\",\"@id\":\"https:\/\/photo-text.de\/?cat=6\",\"url\":\"https:\/\/photo-text.de\/?cat=6\",\"name\":\"PHOTO Archive - Photographie + Text - Hans K\u00f6nig\",\"isPartOf\":{\"@id\":\"https:\/\/photo-text.de\/#website\"},\"breadcrumb\":{\"@id\":\"https:\/\/photo-text.de\/?cat=6#breadcrumb\"},\"inLanguage\":\"de\"},{\"@type\":\"BreadcrumbList\",\"@id\":\"https:\/\/photo-text.de\/?cat=6#breadcrumb\",\"itemListElement\":[{\"@type\":\"ListItem\",\"position\":1,\"name\":\"Startseite\",\"item\":\"https:\/\/photo-text.de\/\"},{\"@type\":\"ListItem\",\"position\":2,\"name\":\"PHOTO\"}]},{\"@type\":\"WebSite\",\"@id\":\"https:\/\/photo-text.de\/#website\",\"url\":\"https:\/\/photo-text.de\/\",\"name\":\"Photographie + Text - Hans K\u00f6nig\",\"description\":\"Mediawork in Ostfriesland\",\"potentialAction\":[{\"@type\":\"SearchAction\",\"target\":{\"@type\":\"EntryPoint\",\"urlTemplate\":\"https:\/\/photo-text.de\/?s={search_term_string}\"},\"query-input\":{\"@type\":\"PropertyValueSpecification\",\"valueRequired\":true,\"valueName\":\"search_term_string\"}}],\"inLanguage\":\"de\"}]}<\/script>\n<!-- \/ Yoast SEO plugin. -->","yoast_head_json":{"title":"PHOTO Archive - Photographie + Text - Hans K\u00f6nig","robots":{"index":"index","follow":"follow","max-snippet":"max-snippet:-1","max-image-preview":"max-image-preview:large","max-video-preview":"max-video-preview:-1"},"canonical":"https:\/\/photo-text.de\/?cat=6","og_locale":"de_DE","og_type":"article","og_title":"PHOTO Archive - Photographie + Text - Hans K\u00f6nig","og_description":"Bilder Bilder Bilder Hans K\u00f6nig, Photographie &amp; Text, freizeitguide aktiv, Camp Roadshow, Womo-Kaufberatung, Coach f\u00fcr Fotografie Hans K\u00f6nig, Photographie &amp; Text, freizeitguide aktiv, Camp Roadshow, Womo-Kaufberatung, Coach f\u00fcr Fotografie Hans K\u00f6nig, Photographie &amp; Text, freizeitguide aktiv, Camp Roadshow, Womo-Kaufberatung, Coach f\u00fcr Fotografie Hans K\u00f6nig, Photographie &amp; Text, freizeitguide aktiv, Camp Roadshow, Womo-Kaufberatung, Coach f\u00fcr Fotografie","og_url":"https:\/\/photo-text.de\/?cat=6","og_site_name":"Photographie + Text - Hans K\u00f6nig","og_image":[{"url":"https:\/\/photo-text.de\/wp-content\/uploads\/2023\/05\/StachelDrahtEis-300x200.jpg","type":"","width":"","height":""}],"twitter_card":"summary_large_image","schema":{"@context":"https:\/\/schema.org","@graph":[{"@type":"CollectionPage","@id":"https:\/\/photo-text.de\/?cat=6","url":"https:\/\/photo-text.de\/?cat=6","name":"PHOTO Archive - Photographie + Text - Hans K\u00f6nig","isPartOf":{"@id":"https:\/\/photo-text.de\/#website"},"breadcrumb":{"@id":"https:\/\/photo-text.de\/?cat=6#breadcrumb"},"inLanguage":"de"},{"@type":"BreadcrumbList","@id":"https:\/\/photo-text.de\/?cat=6#breadcrumb","itemListElement":[{"@type":"ListItem","position":1,"name":"Startseite","item":"https:\/\/photo-text.de\/"},{"@type":"ListItem","position":2,"name":"PHOTO"}]},{"@type":"WebSite","@id":"https:\/\/photo-text.de\/#website","url":"https:\/\/photo-text.de\/","name":"Photographie + Text - Hans K\u00f6nig","description":"Mediawork in Ostfriesland","potentialAction":[{"@type":"SearchAction","target":{"@type":"EntryPoint","urlTemplate":"https:\/\/photo-text.de\/?s={search_term_string}"},"query-input":{"@type":"PropertyValueSpecification","valueRequired":true,"valueName":"search_term_string"}}],"inLanguage":"de"}]}},"_links":{"self":[{"href":"https:\/\/photo-text.de\/index.php?rest_route=\/wp\/v2\/categories\/6","targetHints":{"allow":["GET"]}}],"collection":[{"href":"https:\/\/photo-text.de\/index.php?rest_route=\/wp\/v2\/categories"}],"about":[{"href":"https:\/\/photo-text.de\/index.php?rest_route=\/wp\/v2\/taxonomies\/category"}],"wp:post_type":[{"href":"https:\/\/photo-text.de\/index.php?rest_route=%2Fwp%2Fv2%2Fposts&categories=6"}],"curies":[{"name":"wp","href":"https:\/\/api.w.org\/{rel}","templated":true}]}}